{"id":4009,"date":"2022-02-02T15:49:09","date_gmt":"2022-02-02T13:49:09","guid":{"rendered":"https:\/\/www.studienkreis.de\/blog\/?p=4009"},"modified":"2022-12-22T19:42:08","modified_gmt":"2022-12-22T17:42:08","slug":"aufholen-nach-corona-grundschule","status":"publish","type":"post","link":"https:\/\/www.studienkreis.de\/blog\/aufholen-nach-corona-grundschule\/","title":{"rendered":"\u201eVor der Pandemie hatten wir viel weniger Kinder aus der Grundschule.\u201c"},"content":{"rendered":"\n<p><strong>Wenn sich bei Sch\u00fclerinnen und Sch\u00fclern in Schleswig-Holstein aufgrund der Corona-Pandemie Lernl\u00fccken aufgetan haben, k\u00f6nnen sie diese einfach in Nachhilfeinstituten wie dem Studienkreis schlie\u00dfen. Die Kosten daf\u00fcr \u00fcbernimmt das Land \u2013 unter anderem aus F\u00f6rdermitteln des Programms der Bundesregierung \u201eAufholen nach Corona f\u00fcr Kinder und Jugendliche\u201c. Wie die L\u00e4nder die F\u00f6rderung umsetzen, ist ihnen \u00fcberlassen. Petra Schulmann, Leiterin des Studienkreises Rendsburg, erz\u00e4hlt im Interview, wo die Lernl\u00fccken liegen und wie es gelingt, sie zu schlie\u00dfen.<\/strong><\/p>\n\n\n<div class=\"wp-block-image\">\n<figure class=\"alignright size-full is-resized\"><a href=\"https:\/\/www.studienkreis.de\/blog\/wp-content\/uploads\/2022\/02\/sk-leitung-petra-schulmann.jpg\"><img loading=\"lazy\" decoding=\"async\" src=\"https:\/\/www.studienkreis.de\/blog\/wp-content\/uploads\/2022\/02\/sk-leitung-petra-schulmann.jpg\" alt=\"Studienkreisleitung Petra Schulmann\" class=\"wp-image-4012\" width=\"225\" height=\"300\" srcset=\"https:\/\/www.studienkreis.de\/blog\/wp-content\/uploads\/2022\/02\/sk-leitung-petra-schulmann.jpg 300w, https:\/\/www.studienkreis.de\/blog\/wp-content\/uploads\/2022\/02\/sk-leitung-petra-schulmann-225x300.jpg 225w\" sizes=\"auto, (max-width: 225px) 100vw, 225px\" \/><\/a><figcaption class=\"wp-element-caption\">Petra Schulmann, Studienkreisleitung<\/figcaption><\/figure>\n<\/div>\n\n\n<p id=\"studienkreis-den-bundeslandern-ist-freigestellt-wie-sie-die-aufholprogramme-umsetzen-in-schleswig-holstein-erhalten-schulerinnen-und-schuler-nachhilfegutscheine-die-sie-zum-beispiel-im-studienkreis-einlosen-konnen-wie-gut-funktioniert-das\"><strong>Studienkreis: Den Bundesl\u00e4ndern ist freigestellt, wie sie die <a href=\"https:\/\/www.studienkreis.de\/ihre-vorteile\/ausgezeichnete-qualitaet\/lernpakt-qualitaetszertifikat\/eltern\/\">Aufholprogramme<\/a> umsetzen. In Schleswig-Holstein erhalten Sch\u00fclerinnen und Sch\u00fcler Nachhilfegutscheine, die sie zum Beispiel im Studienkreis einl\u00f6sen k\u00f6nnen. Wie gut funktioniert das?<\/strong><\/p>\n\n\n\n<p><strong>Petra Schulmann:<\/strong> Schleswig-Holstein geh\u00f6rt, wie auch zum Beispiel Mecklenburg-Vorpommern, zu den L\u00e4ndern, die sehr schnell reagiert und ein unb\u00fcrokratisches F\u00f6rderprogramm aufgesetzt haben. Das ist ein gro\u00dfer Vorteil, und es l\u00e4uft sehr gut. In anderen Bundesl\u00e4ndern sind die Programme erst im Herbst angelaufen. F\u00fcr Schulen ist es ein hoher organisatorischer Aufwand, die F\u00f6rderung selbst umzusetzen und zum Beispiel zus\u00e4tzliches Personal einzustellen.<\/p>\n\n\n\n<p id=\"der-bildungsgutschein-steht-allen-schulformen-und-jahrgangen-zur-verfugung-in-welchen-fachern-und-klassenstufen-ist-die-nachfrage-nach-nachhilfe-am-hochsten\"><strong>Der Bildungsgutschein steht allen Schulformen und Jahrg\u00e4ngen zur Verf\u00fcgung. In welchen F\u00e4chern und Klassenstufen ist die Nachfrage nach Nachhilfe am h\u00f6chsten?<\/strong><\/p>\n\n\n\n<p>Bei den F\u00e4chern sind <a href=\"https:\/\/www.studienkreis.de\/faecher\/mathe-nachhilfe\/\">Mathematik<\/a> und <a href=\"https:\/\/www.studienkreis.de\/faecher\/englisch-nachhilfe\/\">Englisch<\/a> am h\u00e4ufigsten gefragt, danach <a href=\"https:\/\/www.studienkreis.de\/faecher\/deutsch-nachhilfe\/\">Deutsch<\/a> und dann <a href=\"https:\/\/www.studienkreis.de\/faecher\/latein-nachhilfe\/\">Latein<\/a>. Bei den Klassenstufen ist es bunt gemischt und es sind auch alle Schulformen in etwa gleich vertreten. Es geht mit der zweiten Klasse Grundschule los und endet beim letzten Jahr am Gymnasium. Vor der Pandemie hatten wir viel weniger Kinder aus der Grundschule.<\/p>\n\n\n\n<p id=\"wie-gross-sind-die-lernlucken-der-schulerinnen-und-schuler\"><strong>Wie gro\u00df sind die Lernl\u00fccken der Sch\u00fclerinnen und Sch\u00fcler?<\/strong><\/p>\n\n\n\n<p>Das ist sehr unterschiedlich. Wir hatten hier Siebtkl\u00e4ssler, die in der Schule in Englisch noch nicht einmal den Stoff der sechsten Klasse abgeschlossen hatten. Dazu geh\u00f6rte die Bildung bestimmter Zeitformen. Wenn man das nicht kann, dann fehlt eine wichtige Grundlage. Das m\u00fcssen wir dann sehr ausf\u00fchrlich nachholen.<\/p>\n\n\n\n<p id=\"beobachten-sie-auch-dass-uber-einzelne-facher-hinaus-bestimmte-lerntechniken-oder-kompetenzen-im-homeschooling-zu-kurz-gekommen-sind\"><strong>Beobachten Sie auch, dass \u00fcber einzelne F\u00e4cher hinaus bestimmte Lerntechniken oder Kompetenzen im Homeschooling zu kurz gekommen sind?<\/strong><\/p>\n\n\n\n<p>Ja, zum Beispiel das selbstst\u00e4ndige Entwickeln von L\u00f6sungen. Wenn man mithilfe von Videos lernt anstatt in der Gemeinschaft, dann wird oft der L\u00f6sungsweg viel st\u00e4rker vorgegeben. Die Sch\u00fclerinnen und Sch\u00fcler mussten sich also im Homeschooling seltener die L\u00f6sungswege selbst erarbeiten. Da sind bei einigen gro\u00dfe L\u00fccken entstanden. Andererseits gibt es Sch\u00fclerinnen und Sch\u00fcler, die gerade im Homeschooling gelernt haben, sich Inhalte selbst zu erarbeiten.<\/p>\n\n\n\n<p id=\"viele-schulerinnen-und-schuler-haben-im-homeschooling-durchaus-lernfortschritte-gemacht-aber-das-gelernte-schneller-wieder-vergessen-woran-liegt-das\"><strong>Viele Sch\u00fclerinnen und Sch\u00fcler haben im Homeschooling durchaus Lernfortschritte gemacht, aber das Gelernte schneller wieder vergessen. Woran liegt das?<\/strong><\/p>\n\n\n\n<p>Es fehlten die Wiederholungen. Das ist wie beim Sport: Der K\u00f6rper gew\u00f6hnt sich an bestimmte Bewegungen, indem man sie oft wiederholt. So ist es auch beim Lernen im normalen Pr\u00e4senzunterricht. Am Anfang der Stunde wird das Erlernte wiederholt, die Hausaufgaben werden besprochen und gemeinsam korrigiert. Das ist beim Onlineunterricht weggefallen. Die Kinder mussten die Aufgaben einschicken, nach unserer Erfahrung haben die Lehrkr\u00e4fte das h\u00e4ufig nicht korrigiert. Die Sch\u00fclerinnen und Sch\u00fcler haben einfach eine Musterl\u00f6sung bekommen. Aber es gab keine Wiederholungen.<\/p>\n\n\n<div class=\"wp-block-image\">\n<figure class=\"alignleft size-full\"><a href=\"https:\/\/www.studienkreis.de\/blog\/wp-content\/uploads\/2022\/02\/unterrichtssituation-nachhilfe-lehrer-schuelerin.jpg\"><img loading=\"lazy\" decoding=\"async\" width=\"300\" height=\"400\" src=\"https:\/\/www.studienkreis.de\/blog\/wp-content\/uploads\/2022\/02\/unterrichtssituation-nachhilfe-lehrer-schuelerin.jpg\" alt=\"Unterrichtssituation Nachhilfe-Lehrer mit Sch\u00fclerin\" class=\"wp-image-4014\" srcset=\"https:\/\/www.studienkreis.de\/blog\/wp-content\/uploads\/2022\/02\/unterrichtssituation-nachhilfe-lehrer-schuelerin.jpg 300w, https:\/\/www.studienkreis.de\/blog\/wp-content\/uploads\/2022\/02\/unterrichtssituation-nachhilfe-lehrer-schuelerin-225x300.jpg 225w\" sizes=\"auto, (max-width: 300px) 100vw, 300px\" \/><\/a><\/figure>\n<\/div>\n\n\n<p id=\"im-homeschooling-haben-lehrkrafte-und-klasse-viel-weniger-miteinander-gesprochen-aber-gerade-in-den-fremdsprachen-spielen-sprechen-und-horen-eine-wichtige-rolle-haben-die-mundlichen-kompetenzen-in-den-fremdsprachen-wahrend-des-distanzunterrichts-gelitten\"><strong>Im Homeschooling haben Lehrkr\u00e4fte und Klasse viel weniger miteinander gesprochen. Aber gerade in den Fremdsprachen spielen Sprechen und H\u00f6ren eine wichtige Rolle. Haben die m\u00fcndlichen Kompetenzen in den Fremdsprachen w\u00e4hrend des Distanzunterrichts gelitten?<\/strong><\/p>\n\n\n\n<p>Auch da hat die \u00dcbung gefehlt. Wenn Sie die Aussprache des \u201eth\u201c auf Englisch lernen m\u00f6chten, dann brauchen Sie Tipps und jemanden, der das vormacht. Im Online-Unterricht k\u00f6nnen Sie das nicht so gut vermitteln \u2013 wenn \u00fcberhaupt Unterricht per Video stattfindet. Wenn Sie die Kinder nur als kleine Kacheln auf dem Bildschirm sehen, ist es unm\u00f6glich zu erkennen, wer Unterst\u00fctzung braucht. So f\u00e4llt gar nicht auf, wenn jemand die Aussprache nicht beherrscht. Hier in der Nachhilfe beobachten wir, dass tats\u00e4chlich h\u00e4ufig die Aussprache nicht stimmt.<\/p>\n\n\n\n<p id=\"wie-lange-wird-es-dauern-die-lernlucken-aus-der-homeschooling-zeit-zu-schliessen\"><strong>Wie lange wird es dauern, die Lernl\u00fccken aus der Homeschooling-Zeit zu schlie\u00dfen?<\/strong><\/p>\n\n\n\n<p>Die L\u00fccken sind ungef\u00e4hr \u00fcber ein halbes Jahr entstanden. Ich denke, dass es mindestens ein Dreivierteljahr dauert, sie zu schlie\u00dfen. Die Sch\u00fclerinnen und Sch\u00fcler m\u00fcssen gleichzeitig auch ihren aktuellen Stoff in der Schule bearbeiten, und auch da m\u00fcssen wir h\u00e4ufig unterst\u00fctzen. Viele Unterrichtsinhalte bauen auf Stoff auf, den die Kinder im Homeschooling nicht so gut gelernt haben. Am besten funktioniert das Aufarbeiten, wenn das Zusammenspiel zwischen Nachhilfeanbieter und Schule stimmt: Wenn wir uns um die Lernl\u00fccken k\u00fcmmern und die Schulen sicherstellen, dass die Kinder aktuell mitkommen, indem sie zum Beispiel mehr \u00fcben und wiederholen als sonst.<\/p>\n\n\n\n<p id=\"wie-gut-funktioniert-es-den-stoff-im-rahmen-des-bildungsgutscheins-nachzuholen\"><strong>Wie gut funktioniert es, den Stoff im Rahmen des Bildungsgutscheins nachzuholen?<\/strong><\/p>\n\n\n\n<p>Es gibt gro\u00dfe Unterschiede zwischen den Kindern. Einige sind sehr motiviert und machen gro\u00dfe Fortschritte. Sie sehen das als Chance, um das Vers\u00e4umte gut nachzuholen. Andere sind eher unmotiviert und kommen weniger schnell voran. Und dann gibt es die Kinder, die genau wie im regul\u00e4ren Unterricht einfach l\u00e4nger brauchen, um ein Thema zu verstehen. In diesen F\u00e4llen reichen die \u00fcber den Bildungsgutschein abgedeckten Unterrichtseinheiten oft nicht. Trotzdem haben diese Kinder erst im n\u00e4chsten Halbjahr wieder Anspruch auf einen Bildungsgutschein.<\/p>\n\n\n\n<p id=\"viele-schulerinnen-und-schuler-waren-durch-die-pandemie-psychisch-sehr-belastet-spuren-sie-das-auch-in-der-nachhilfe\"><strong>Viele Sch\u00fclerinnen und Sch\u00fcler waren durch die Pandemie psychisch sehr belastet. Sp\u00fcren Sie das auch in der Nachhilfe?<\/strong><\/p>\n\n\n\n<p>Die Kinder sprechen in der Nachhilfe manchmal \u00fcber ihre \u00c4ngste, zum Beispiel davor, dass sie das Klassenziel nicht erreichen oder den Schulabschluss nicht schaffen. Manche bef\u00fcrchten auch, dass ihr Abschluss weniger z\u00e4hlt, weil die Pr\u00fcfungsanforderungen in der Pandemie ver\u00e4ndert wurden. Das bekommen wir sehr deutlich mit. Es gibt auch Kinder, die in Behandlung sind, zum Beispiel wegen einer Depression, und vielen f\u00e4llt es schwer, sich zu konzentrieren.<\/p>\n\n\n\n<p id=\"erleben-sie-auch-erfolgsgeschichten\"><strong>Erleben Sie auch Erfolgsgeschichten?<\/strong><\/p>\n\n\n\n<p>Immer wieder k\u00f6nnen wir hier beobachten, wie wichtig den Kindern und Jugendlichen ihr Erfolg in der Schule ist und wie gut es ihnen tut, wenn sie etwas erreichen. Ich erinnere mich zum Beispiel an eine Neuntkl\u00e4sslerin, die mit gro\u00dfen L\u00fccken in Mathematik zu uns kam. K\u00fcrzlich hat sie dann eine Zwei geschrieben und war sehr gl\u00fccklich. Sie hat uns gesagt: \u201aIn der Schule hatte ich den Stoff \u00fcberhaupt nicht verstanden, aber der Nachhilfelehrer hier hat es toll erkl\u00e4rt. Da habe ich gemerkt, dass es eigentlich ganz einfach ist.\u2018<\/p>\n\n\n\n<div class=\"wp-block-group has-background\" style=\"background-color:#ededed\"><div class=\"wp-block-group__inner-container is-layout-flow wp-block-group-is-layout-flow\">\n<p class=\"has-background\" style=\"background-color:#ededed\"><strong>Aufholprogramme in Bundesl\u00e4ndern<\/strong> (Stand: Dezember 2022)<br><br>Es gab einige Bundesl\u00e4nder die &#8222;Aufholprogramme&#8220; aufgelegt haben. Zum Teil sind diese inzwischen ausgelaufen und werden nicht mehr fortgef\u00fchrt. Am besten direkt beim Kultusministerium des jeweiligen Bundeslandes nachschauen, ob es noch Unterst\u00fctzung gibt. Alternativ gibt es auch weiterhin die so genannte &#8222;<a href=\"https:\/\/www.studienkreis.de\/infothek\/journal\/bildung-und-teilhabe\/\">Bildung und Teilhabe<\/a>&#8220; &#8211; Unterst\u00fctzung, so kann Nachhilfe vom Staat gef\u00f6rdert werden. <\/p>\n<\/div><\/div>\n\n\n\n<p><\/p>\n","protected":false},"excerpt":{"rendered":"<p>Wenn sich bei Sch\u00fclerinnen und Sch\u00fclern in Schleswig-Holstein aufgrund der Corona-Pandemie Lernl\u00fccken aufgetan haben, k\u00f6nnen sie diese einfach in Nachhilfeinstituten wie dem Studienkreis schlie\u00dfen. Die Kosten daf\u00fcr \u00fcbernimmt das Land \u2013 unter anderem aus F\u00f6rdermitteln des Programms der Bundesregierung \u201eAufholen nach Corona f\u00fcr Kinder und Jugendliche\u201c. Wie die L\u00e4nder die F\u00f6rderung umsetzen, ist ihnen \u00fcberlassen. [&hellip;]<\/p>\n","protected":false},"author":5,"featured_media":0,"comment_status":"open","ping_status":"closed","sticky":false,"template":"","format":"standard","meta":{"footnotes":""},"categories":[24,27,32],"tags":[161,36,90],"class_list":["post-4009","post","type-post","status-publish","format-standard","hentry","category-bildung","category-nachhilfe","category-schule","tag-corona","tag-grundschule","tag-nachhilfe"],"yoast_head":"<!-- This site is optimized with the Yoast SEO plugin v28.4 - https:\/\/yoast.com\/product\/yoast-seo-wordpress\/ -->\n<title>Aufholen nach Corona: Lernr\u00fcckst\u00e4nde schon in der Grundschule<\/title>\n<meta name=\"description\" content=\"Petra Schulmann, Leiterin des Studienkreises Rendsburg, erz\u00e4hlt im Interview, wo Lernl\u00fccken liegen und wie es gelingt, sie zu schlie\u00dfen.\" \/>\n<meta name=\"robots\" content=\"index, follow, max-snippet:-1, max-image-preview:large, max-video-preview:-1\" \/>\n<link rel=\"canonical\" href=\"https:\/\/www.studienkreis.de\/blog\/aufholen-nach-corona-grundschule\/\" \/>\n<meta property=\"og:locale\" content=\"de_DE\" \/>\n<meta property=\"og:type\" content=\"article\" \/>\n<meta property=\"og:title\" content=\"Aufholen nach Corona: Lernr\u00fcckst\u00e4nde schon in der Grundschule\" \/>\n<meta property=\"og:description\" content=\"Petra Schulmann, Leiterin des Studienkreises Rendsburg, erz\u00e4hlt im Interview, wo Lernl\u00fccken liegen und wie es gelingt, sie zu schlie\u00dfen.\" \/>\n<meta property=\"og:url\" content=\"https:\/\/www.studienkreis.de\/blog\/aufholen-nach-corona-grundschule\/\" \/>\n<meta property=\"og:site_name\" content=\"Studienkreis Blog\" \/>\n<meta property=\"article:publisher\" content=\"https:\/\/de-de.facebook.com\/Studienkreis\" \/>\n<meta property=\"article:published_time\" content=\"2022-02-02T13:49:09+00:00\" \/>\n<meta property=\"article:modified_time\" content=\"2022-12-22T17:42:08+00:00\" \/>\n<meta property=\"og:image\" content=\"https:\/\/www.studienkreis.de\/blog\/wp-content\/uploads\/2022\/02\/sk-leitung-petra-schulmann.jpg\" \/>\n<meta name=\"author\" content=\"Thomas Momotow\" \/>\n<meta name=\"twitter:card\" content=\"summary_large_image\" \/>\n<meta name=\"twitter:creator\" content=\"@studienkreis_bo\" \/>\n<meta name=\"twitter:site\" content=\"@studienkreis_bo\" \/>\n<meta name=\"twitter:label1\" content=\"Verfasst von\" \/>\n\t<meta name=\"twitter:data1\" content=\"Thomas Momotow\" \/>\n\t<meta name=\"twitter:label2\" content=\"Gesch\u00e4tzte Lesezeit\" \/>\n\t<meta name=\"twitter:data2\" content=\"7\u00a0Minuten\" \/>\n<script type=\"application\/ld+json\" class=\"yoast-schema-graph\">{\"@context\":\"https:\\\/\\\/schema.org\",\"@graph\":[{\"@type\":\"Article\",\"@id\":\"https:\\\/\\\/www.studienkreis.de\\\/blog\\\/aufholen-nach-corona-grundschule\\\/#article\",\"isPartOf\":{\"@id\":\"https:\\\/\\\/www.studienkreis.de\\\/blog\\\/aufholen-nach-corona-grundschule\\\/\"},\"author\":{\"name\":\"Thomas Momotow\",\"@id\":\"https:\\\/\\\/www.studienkreis.de\\\/blog\\\/#\\\/schema\\\/person\\\/c617acd6aaecd0686e5719a727f1a034\"},\"headline\":\"\u201eVor der Pandemie hatten wir viel weniger Kinder aus der Grundschule.\u201c\",\"datePublished\":\"2022-02-02T13:49:09+00:00\",\"dateModified\":\"2022-12-22T17:42:08+00:00\",\"mainEntityOfPage\":{\"@id\":\"https:\\\/\\\/www.studienkreis.de\\\/blog\\\/aufholen-nach-corona-grundschule\\\/\"},\"wordCount\":1158,\"commentCount\":2,\"image\":{\"@id\":\"https:\\\/\\\/www.studienkreis.de\\\/blog\\\/aufholen-nach-corona-grundschule\\\/#primaryimage\"},\"thumbnailUrl\":\"https:\\\/\\\/www.studienkreis.de\\\/blog\\\/wp-content\\\/uploads\\\/2022\\\/02\\\/sk-leitung-petra-schulmann.jpg\",\"keywords\":[\"Corona\",\"Grundschule\",\"Nachhilfe\"],\"articleSection\":[\"Bildung\",\"Nachhilfe\",\"Schule\"],\"inLanguage\":\"de\",\"potentialAction\":[{\"@type\":\"CommentAction\",\"name\":\"Comment\",\"target\":[\"https:\\\/\\\/www.studienkreis.de\\\/blog\\\/aufholen-nach-corona-grundschule\\\/#respond\"]}]},{\"@type\":\"WebPage\",\"@id\":\"https:\\\/\\\/www.studienkreis.de\\\/blog\\\/aufholen-nach-corona-grundschule\\\/\",\"url\":\"https:\\\/\\\/www.studienkreis.de\\\/blog\\\/aufholen-nach-corona-grundschule\\\/\",\"name\":\"Aufholen nach Corona: Lernr\u00fcckst\u00e4nde schon in der Grundschule\",\"isPartOf\":{\"@id\":\"https:\\\/\\\/www.studienkreis.de\\\/blog\\\/#website\"},\"primaryImageOfPage\":{\"@id\":\"https:\\\/\\\/www.studienkreis.de\\\/blog\\\/aufholen-nach-corona-grundschule\\\/#primaryimage\"},\"image\":{\"@id\":\"https:\\\/\\\/www.studienkreis.de\\\/blog\\\/aufholen-nach-corona-grundschule\\\/#primaryimage\"},\"thumbnailUrl\":\"https:\\\/\\\/www.studienkreis.de\\\/blog\\\/wp-content\\\/uploads\\\/2022\\\/02\\\/sk-leitung-petra-schulmann.jpg\",\"datePublished\":\"2022-02-02T13:49:09+00:00\",\"dateModified\":\"2022-12-22T17:42:08+00:00\",\"author\":{\"@id\":\"https:\\\/\\\/www.studienkreis.de\\\/blog\\\/#\\\/schema\\\/person\\\/c617acd6aaecd0686e5719a727f1a034\"},\"description\":\"Petra Schulmann, Leiterin des Studienkreises Rendsburg, erz\u00e4hlt im Interview, wo Lernl\u00fccken liegen und wie es gelingt, sie zu schlie\u00dfen.\",\"inLanguage\":\"de\",\"potentialAction\":[{\"@type\":\"ReadAction\",\"target\":[\"https:\\\/\\\/www.studienkreis.de\\\/blog\\\/aufholen-nach-corona-grundschule\\\/\"]}]},{\"@type\":\"ImageObject\",\"inLanguage\":\"de\",\"@id\":\"https:\\\/\\\/www.studienkreis.de\\\/blog\\\/aufholen-nach-corona-grundschule\\\/#primaryimage\",\"url\":\"https:\\\/\\\/www.studienkreis.de\\\/blog\\\/wp-content\\\/uploads\\\/2022\\\/02\\\/sk-leitung-petra-schulmann.jpg\",\"contentUrl\":\"https:\\\/\\\/www.studienkreis.de\\\/blog\\\/wp-content\\\/uploads\\\/2022\\\/02\\\/sk-leitung-petra-schulmann.jpg\",\"width\":300,\"height\":400,\"caption\":\"Studienkreisleitung Petra Schulmann\"},{\"@type\":\"WebSite\",\"@id\":\"https:\\\/\\\/www.studienkreis.de\\\/blog\\\/#website\",\"url\":\"https:\\\/\\\/www.studienkreis.de\\\/blog\\\/\",\"name\":\"Studienkreis Blog\",\"description\":\"In unserem Studienkreis Blog geben wir hilfreiche Tipps rund um das Thema Bildung, Familie, Digitales Lernen, Schule und Schulalltag sowie Lernschw\u00e4chen.\",\"potentialAction\":[{\"@type\":\"SearchAction\",\"target\":{\"@type\":\"EntryPoint\",\"urlTemplate\":\"https:\\\/\\\/www.studienkreis.de\\\/blog\\\/?s={search_term_string}\"},\"query-input\":{\"@type\":\"PropertyValueSpecification\",\"valueRequired\":true,\"valueName\":\"search_term_string\"}}],\"inLanguage\":\"de\"},{\"@type\":\"Person\",\"@id\":\"https:\\\/\\\/www.studienkreis.de\\\/blog\\\/#\\\/schema\\\/person\\\/c617acd6aaecd0686e5719a727f1a034\",\"name\":\"Thomas Momotow\",\"image\":{\"@type\":\"ImageObject\",\"inLanguage\":\"de\",\"@id\":\"https:\\\/\\\/secure.gravatar.com\\\/avatar\\\/ca95091ec9af2ab329b6e503f9ceff92a6380326a9ce29d9e78d1b329f3f7fee?s=96&d=mm&r=g\",\"url\":\"https:\\\/\\\/secure.gravatar.com\\\/avatar\\\/ca95091ec9af2ab329b6e503f9ceff92a6380326a9ce29d9e78d1b329f3f7fee?s=96&d=mm&r=g\",\"contentUrl\":\"https:\\\/\\\/secure.gravatar.com\\\/avatar\\\/ca95091ec9af2ab329b6e503f9ceff92a6380326a9ce29d9e78d1b329f3f7fee?s=96&d=mm&r=g\",\"caption\":\"Thomas Momotow\"},\"url\":\"https:\\\/\\\/www.studienkreis.de\\\/blog\\\/author\\\/thomas-momotow\\\/\"}]}<\/script>\n<!-- \/ Yoast SEO plugin. -->","yoast_head_json":{"title":"Aufholen nach Corona: Lernr\u00fcckst\u00e4nde schon in der Grundschule","description":"Petra Schulmann, Leiterin des Studienkreises Rendsburg, erz\u00e4hlt im Interview, wo Lernl\u00fccken liegen und wie es gelingt, sie zu schlie\u00dfen.","robots":{"index":"index","follow":"follow","max-snippet":"max-snippet:-1","max-image-preview":"max-image-preview:large","max-video-preview":"max-video-preview:-1"},"canonical":"https:\/\/www.studienkreis.de\/blog\/aufholen-nach-corona-grundschule\/","og_locale":"de_DE","og_type":"article","og_title":"Aufholen nach Corona: Lernr\u00fcckst\u00e4nde schon in der Grundschule","og_description":"Petra Schulmann, Leiterin des Studienkreises Rendsburg, erz\u00e4hlt im Interview, wo Lernl\u00fccken liegen und wie es gelingt, sie zu schlie\u00dfen.","og_url":"https:\/\/www.studienkreis.de\/blog\/aufholen-nach-corona-grundschule\/","og_site_name":"Studienkreis Blog","article_publisher":"https:\/\/de-de.facebook.com\/Studienkreis","article_published_time":"2022-02-02T13:49:09+00:00","article_modified_time":"2022-12-22T17:42:08+00:00","og_image":[{"url":"https:\/\/www.studienkreis.de\/blog\/wp-content\/uploads\/2022\/02\/sk-leitung-petra-schulmann.jpg","type":"","width":"","height":""}],"author":"Thomas Momotow","twitter_card":"summary_large_image","twitter_creator":"@studienkreis_bo","twitter_site":"@studienkreis_bo","twitter_misc":{"Verfasst von":"Thomas Momotow","Gesch\u00e4tzte Lesezeit":"7\u00a0Minuten"},"schema":{"@context":"https:\/\/schema.org","@graph":[{"@type":"Article","@id":"https:\/\/www.studienkreis.de\/blog\/aufholen-nach-corona-grundschule\/#article","isPartOf":{"@id":"https:\/\/www.studienkreis.de\/blog\/aufholen-nach-corona-grundschule\/"},"author":{"name":"Thomas Momotow","@id":"https:\/\/www.studienkreis.de\/blog\/#\/schema\/person\/c617acd6aaecd0686e5719a727f1a034"},"headline":"\u201eVor der Pandemie hatten wir viel weniger Kinder aus der Grundschule.\u201c","datePublished":"2022-02-02T13:49:09+00:00","dateModified":"2022-12-22T17:42:08+00:00","mainEntityOfPage":{"@id":"https:\/\/www.studienkreis.de\/blog\/aufholen-nach-corona-grundschule\/"},"wordCount":1158,"commentCount":2,"image":{"@id":"https:\/\/www.studienkreis.de\/blog\/aufholen-nach-corona-grundschule\/#primaryimage"},"thumbnailUrl":"https:\/\/www.studienkreis.de\/blog\/wp-content\/uploads\/2022\/02\/sk-leitung-petra-schulmann.jpg","keywords":["Corona","Grundschule","Nachhilfe"],"articleSection":["Bildung","Nachhilfe","Schule"],"inLanguage":"de","potentialAction":[{"@type":"CommentAction","name":"Comment","target":["https:\/\/www.studienkreis.de\/blog\/aufholen-nach-corona-grundschule\/#respond"]}]},{"@type":"WebPage","@id":"https:\/\/www.studienkreis.de\/blog\/aufholen-nach-corona-grundschule\/","url":"https:\/\/www.studienkreis.de\/blog\/aufholen-nach-corona-grundschule\/","name":"Aufholen nach Corona: Lernr\u00fcckst\u00e4nde schon in der Grundschule","isPartOf":{"@id":"https:\/\/www.studienkreis.de\/blog\/#website"},"primaryImageOfPage":{"@id":"https:\/\/www.studienkreis.de\/blog\/aufholen-nach-corona-grundschule\/#primaryimage"},"image":{"@id":"https:\/\/www.studienkreis.de\/blog\/aufholen-nach-corona-grundschule\/#primaryimage"},"thumbnailUrl":"https:\/\/www.studienkreis.de\/blog\/wp-content\/uploads\/2022\/02\/sk-leitung-petra-schulmann.jpg","datePublished":"2022-02-02T13:49:09+00:00","dateModified":"2022-12-22T17:42:08+00:00","author":{"@id":"https:\/\/www.studienkreis.de\/blog\/#\/schema\/person\/c617acd6aaecd0686e5719a727f1a034"},"description":"Petra Schulmann, Leiterin des Studienkreises Rendsburg, erz\u00e4hlt im Interview, wo Lernl\u00fccken liegen und wie es gelingt, sie zu schlie\u00dfen.","inLanguage":"de","potentialAction":[{"@type":"ReadAction","target":["https:\/\/www.studienkreis.de\/blog\/aufholen-nach-corona-grundschule\/"]}]},{"@type":"ImageObject","inLanguage":"de","@id":"https:\/\/www.studienkreis.de\/blog\/aufholen-nach-corona-grundschule\/#primaryimage","url":"https:\/\/www.studienkreis.de\/blog\/wp-content\/uploads\/2022\/02\/sk-leitung-petra-schulmann.jpg","contentUrl":"https:\/\/www.studienkreis.de\/blog\/wp-content\/uploads\/2022\/02\/sk-leitung-petra-schulmann.jpg","width":300,"height":400,"caption":"Studienkreisleitung Petra Schulmann"},{"@type":"WebSite","@id":"https:\/\/www.studienkreis.de\/blog\/#website","url":"https:\/\/www.studienkreis.de\/blog\/","name":"Studienkreis Blog","description":"In unserem Studienkreis Blog geben wir hilfreiche Tipps rund um das Thema Bildung, Familie, Digitales Lernen, Schule und Schulalltag sowie Lernschw\u00e4chen.","potentialAction":[{"@type":"SearchAction","target":{"@type":"EntryPoint","urlTemplate":"https:\/\/www.studienkreis.de\/blog\/?s={search_term_string}"},"query-input":{"@type":"PropertyValueSpecification","valueRequired":true,"valueName":"search_term_string"}}],"inLanguage":"de"},{"@type":"Person","@id":"https:\/\/www.studienkreis.de\/blog\/#\/schema\/person\/c617acd6aaecd0686e5719a727f1a034","name":"Thomas Momotow","image":{"@type":"ImageObject","inLanguage":"de","@id":"https:\/\/secure.gravatar.com\/avatar\/ca95091ec9af2ab329b6e503f9ceff92a6380326a9ce29d9e78d1b329f3f7fee?s=96&d=mm&r=g","url":"https:\/\/secure.gravatar.com\/avatar\/ca95091ec9af2ab329b6e503f9ceff92a6380326a9ce29d9e78d1b329f3f7fee?s=96&d=mm&r=g","contentUrl":"https:\/\/secure.gravatar.com\/avatar\/ca95091ec9af2ab329b6e503f9ceff92a6380326a9ce29d9e78d1b329f3f7fee?s=96&d=mm&r=g","caption":"Thomas Momotow"},"url":"https:\/\/www.studienkreis.de\/blog\/author\/thomas-momotow\/"}]}},"_links":{"self":[{"href":"https:\/\/www.studienkreis.de\/blog\/wp-json\/wp\/v2\/posts\/4009","targetHints":{"allow":["GET"]}}],"collection":[{"href":"https:\/\/www.studienkreis.de\/blog\/wp-json\/wp\/v2\/posts"}],"about":[{"href":"https:\/\/www.studienkreis.de\/blog\/wp-json\/wp\/v2\/types\/post"}],"author":[{"embeddable":true,"href":"https:\/\/www.studienkreis.de\/blog\/wp-json\/wp\/v2\/users\/5"}],"replies":[{"embeddable":true,"href":"https:\/\/www.studienkreis.de\/blog\/wp-json\/wp\/v2\/comments?post=4009"}],"version-history":[{"count":13,"href":"https:\/\/www.studienkreis.de\/blog\/wp-json\/wp\/v2\/posts\/4009\/revisions"}],"predecessor-version":[{"id":4299,"href":"https:\/\/www.studienkreis.de\/blog\/wp-json\/wp\/v2\/posts\/4009\/revisions\/4299"}],"wp:attachment":[{"href":"https:\/\/www.studienkreis.de\/blog\/wp-json\/wp\/v2\/media?parent=4009"}],"wp:term":[{"taxonomy":"category","embeddable":true,"href":"https:\/\/www.studienkreis.de\/blog\/wp-json\/wp\/v2\/categories?post=4009"},{"taxonomy":"post_tag","embeddable":true,"href":"https:\/\/www.studienkreis.de\/blog\/wp-json\/wp\/v2\/tags?post=4009"}],"curies":[{"name":"wp","href":"https:\/\/api.w.org\/{rel}","templated":true}]}}